{"id":152,"date":"2018-11-09T09:05:46","date_gmt":"2018-11-09T08:05:46","guid":{"rendered":"https:\/\/salon.vivreetlecrire.fr\/?p=152"},"modified":"2019-04-17T08:13:49","modified_gmt":"2019-04-17T06:13:49","slug":"info-salon-octobre-2018","status":"publish","type":"post","link":"https:\/\/salon.vivreetlecrire.fr\/index.php\/2018\/11\/09\/info-salon-octobre-2018\/","title":{"rendered":"INFO &#8211; SALON OCTOBRE 2018"},"content":{"rendered":"<h3 style=\"text-align: center;\"><strong>Les jeunes tiennent Salon !!<\/strong><\/h3>\n<p>Le 14\u00e8me Salon du livre \u00e9crit par les jeunes se d\u00e9roulera en mai 2019 :<\/p>\n<p>&nbsp;<\/p>\n<h3 style=\"text-align: center;\">L&rsquo;\u00e9dition 2019 aura pour th\u00e8me<\/h3>\n<h3 style=\"text-align: center;\">\u00ab\u00a0<em><strong>Vivre &amp; \u00e9crire l&rsquo;Europe\u00a0\u00bb<\/strong><\/em><\/h3>\n<p>Un appel \u00e0 projet est lanc\u00e9 aupr\u00e8s des jeunes :<\/p>\n<p style=\"text-align: center;\">Cr\u00e9ez le titre et le dessin de l&rsquo;affiche du prochain Salon<\/p>\n<a href=\"https:\/\/salon.vivreetlecrire.fr\/wp-content\/uploads\/2018\/11\/Info-Salon-ocobre-2018.pdf\" class=\"pdfemb-viewer\" style=\"\" data-width=\"max\" data-height=\"max\" data-toolbar=\"bottom\" data-toolbar-fixed=\"off\">Info Salon ocobre 2018<\/a>\n","protected":false},"excerpt":{"rendered":"<p>Les jeunes tiennent Salon !! Le 14\u00e8me Salon du livre \u00e9crit par les jeunes se d\u00e9roulera en mai 2019 : &nbsp; L&rsquo;\u00e9dition 2019 aura pour th\u00e8me \u00ab\u00a0Vivre &amp; \u00e9crire l&rsquo;Europe\u00a0\u00bb Un appel \u00e0 projet est lanc\u00e9 aupr\u00e8s des jeunes : Cr\u00e9ez le titre et le dessin de l&rsquo;affiche du prochain Salon<\/p>\n","protected":false},"author":2,"featured_media":0,"comment_status":"open","ping_status":"open","sticky":false,"template":"","format":"standard","meta":{"footnotes":""},"categories":[4],"tags":[],"class_list":["post-152","post","type-post","status-publish","format-standard","hentry","category-archives"],"_links":{"self":[{"href":"https:\/\/salon.vivreetlecrire.fr\/index.php\/wp-json\/wp\/v2\/posts\/152","targetHints":{"allow":["GET"]}}],"collection":[{"href":"https:\/\/salon.vivreetlecrire.fr\/index.php\/wp-json\/wp\/v2\/posts"}],"about":[{"href":"https:\/\/salon.vivreetlecrire.fr\/index.php\/wp-json\/wp\/v2\/types\/post"}],"author":[{"embeddable":true,"href":"https:\/\/salon.vivreetlecrire.fr\/index.php\/wp-json\/wp\/v2\/users\/2"}],"replies":[{"embeddable":true,"href":"https:\/\/salon.vivreetlecrire.fr\/index.php\/wp-json\/wp\/v2\/comments?post=152"}],"version-history":[{"count":3,"href":"https:\/\/salon.vivreetlecrire.fr\/index.php\/wp-json\/wp\/v2\/posts\/152\/revisions"}],"predecessor-version":[{"id":167,"href":"https:\/\/salon.vivreetlecrire.fr\/index.php\/wp-json\/wp\/v2\/posts\/152\/revisions\/167"}],"wp:attachment":[{"href":"https:\/\/salon.vivreetlecrire.fr\/index.php\/wp-json\/wp\/v2\/media?parent=152"}],"wp:term":[{"taxonomy":"category","embeddable":true,"href":"https:\/\/salon.vivreetlecrire.fr\/index.php\/wp-json\/wp\/v2\/categories?post=152"},{"taxonomy":"post_tag","embeddable":true,"href":"https:\/\/salon.vivreetlecrire.fr\/index.php\/wp-json\/wp\/v2\/tags?post=152"}],"curies":[{"name":"wp","href":"https:\/\/api.w.org\/{rel}","templated":true}]}}